{"@context":"https:\/\/schema.org\/","@type":"CollectionPage","@id":"https:\/\/www.taliesyn.cz\/zena\/#CollectionPage","headline":"\u017dena Category","description":"","url":"https:\/\/www.taliesyn.cz\/zena\/","hasPart":[{"@type":"Article","@id":"https:\/\/www.taliesyn.cz\/jak-na-stribro-ve-vlasech\/","headline":"Jak na st\u0159\u00edbro ve vlasech","url":"https:\/\/www.taliesyn.cz\/jak-na-stribro-ve-vlasech\/","datePublished":"2020-10-27","dateModified":"2023-05-03","mainEntityOfPage":"https:\/\/www.taliesyn.cz\/jak-na-stribro-ve-vlasech\/","author":{"@type":"Person","@id":"https:\/\/www.taliesyn.cz\/author\/#Person","name":"","url":"https:\/\/www.taliesyn.cz\/author\/","identifier":1,"image":{"@type":"ImageObject","@id":"https:\/\/secure.gravatar.com\/avatar\/03ef97ef22d1b0d07a8e6c50d88cc1823592c58a091286b466bcec36e31eaab2?s=96&d=mm&r=g","url":"https:\/\/secure.gravatar.com\/avatar\/03ef97ef22d1b0d07a8e6c50d88cc1823592c58a091286b466bcec36e31eaab2?s=96&d=mm&r=g","height":96,"width":96}},"publisher":{"@type":"Organization","name":"taliesyn.cz","logo":{"@type":"ImageObject","@id":"\/logo.png","url":"\/logo.png","width":600,"height":60}},"image":{"@type":"ImageObject","@id":"https:\/\/www.taliesyn.cz\/wp-content\/uploads\/img_a337033_w2778_t1550327397.jpg","url":"https:\/\/www.taliesyn.cz\/wp-content\/uploads\/img_a337033_w2778_t1550327397.jpg","height":0,"width":0},"keywords":null},{"@type":"Article","@id":"https:\/\/www.taliesyn.cz\/krasa-a-vek\/","headline":"Kr\u00e1sa a v\u011bk","url":"https:\/\/www.taliesyn.cz\/krasa-a-vek\/","datePublished":"2020-09-02","dateModified":"2023-05-03","mainEntityOfPage":"https:\/\/www.taliesyn.cz\/krasa-a-vek\/","author":{"@type":"Person","@id":"https:\/\/www.taliesyn.cz\/author\/#Person","name":"","url":"https:\/\/www.taliesyn.cz\/author\/","identifier":1,"image":{"@type":"ImageObject","@id":"https:\/\/secure.gravatar.com\/avatar\/03ef97ef22d1b0d07a8e6c50d88cc1823592c58a091286b466bcec36e31eaab2?s=96&d=mm&r=g","url":"https:\/\/secure.gravatar.com\/avatar\/03ef97ef22d1b0d07a8e6c50d88cc1823592c58a091286b466bcec36e31eaab2?s=96&d=mm&r=g","height":96,"width":96}},"publisher":{"@type":"Organization","name":"taliesyn.cz","logo":{"@type":"ImageObject","@id":"\/logo.png","url":"\/logo.png","width":600,"height":60}},"image":{"@type":"ImageObject","@id":"https:\/\/www.taliesyn.cz\/wp-content\/uploads\/img_a311889_w2013_t1522948984.jpg","url":"https:\/\/www.taliesyn.cz\/wp-content\/uploads\/img_a311889_w2013_t1522948984.jpg","height":0,"width":0},"keywords":null},{"@type":"Article","@id":"https:\/\/www.taliesyn.cz\/nejlepsi-vune-pro-zeny\/","headline":"Nejlep\u0161\u00ed v\u016fn\u011b pro \u017eeny","url":"https:\/\/www.taliesyn.cz\/nejlepsi-vune-pro-zeny\/","datePublished":"2019-12-06","dateModified":"2023-05-03","mainEntityOfPage":"https:\/\/www.taliesyn.cz\/nejlepsi-vune-pro-zeny\/","author":{"@type":"Person","@id":"https:\/\/www.taliesyn.cz\/author\/#Person","name":"","url":"https:\/\/www.taliesyn.cz\/author\/","identifier":1,"image":{"@type":"ImageObject","@id":"https:\/\/secure.gravatar.com\/avatar\/03ef97ef22d1b0d07a8e6c50d88cc1823592c58a091286b466bcec36e31eaab2?s=96&d=mm&r=g","url":"https:\/\/secure.gravatar.com\/avatar\/03ef97ef22d1b0d07a8e6c50d88cc1823592c58a091286b466bcec36e31eaab2?s=96&d=mm&r=g","height":96,"width":96}},"publisher":{"@type":"Organization","name":"taliesyn.cz","logo":{"@type":"ImageObject","@id":"\/logo.png","url":"\/logo.png","width":600,"height":60}},"image":{"@type":"ImageObject","@id":"https:\/\/www.taliesyn.cz\/wp-content\/uploads\/img_a365924_w4180_t1578563619.jpg","url":"https:\/\/www.taliesyn.cz\/wp-content\/uploads\/img_a365924_w4180_t1578563619.jpg","height":0,"width":0},"keywords":null},{"@type":"Article","@id":"https:\/\/www.taliesyn.cz\/menstruacni-kalisek\/","headline":"Menstrua\u010dn\u00ed kal\u00ed\u0161ek","url":"https:\/\/www.taliesyn.cz\/menstruacni-kalisek\/","datePublished":"2019-11-27","dateModified":"2023-05-03","mainEntityOfPage":"https:\/\/www.taliesyn.cz\/menstruacni-kalisek\/","author":{"@type":"Person","@id":"https:\/\/www.taliesyn.cz\/author\/#Person","name":"","url":"https:\/\/www.taliesyn.cz\/author\/","identifier":1,"image":{"@type":"ImageObject","@id":"https:\/\/secure.gravatar.com\/avatar\/03ef97ef22d1b0d07a8e6c50d88cc1823592c58a091286b466bcec36e31eaab2?s=96&d=mm&r=g","url":"https:\/\/secure.gravatar.com\/avatar\/03ef97ef22d1b0d07a8e6c50d88cc1823592c58a091286b466bcec36e31eaab2?s=96&d=mm&r=g","height":96,"width":96}},"publisher":{"@type":"Organization","name":"taliesyn.cz","logo":{"@type":"ImageObject","@id":"\/logo.png","url":"\/logo.png","width":600,"height":60}},"image":{"@type":"ImageObject","@id":"https:\/\/www.taliesyn.cz\/wp-content\/uploads\/img_a362097_w4295_t1575099486.jpg","url":"https:\/\/www.taliesyn.cz\/wp-content\/uploads\/img_a362097_w4295_t1575099486.jpg","height":0,"width":0},"keywords":null},{"@type":"Article","@id":"https:\/\/www.taliesyn.cz\/jak-na-domaci-pedikuru\/","headline":"Jak na dom\u00e1c\u00ed pedik\u00faru","url":"https:\/\/www.taliesyn.cz\/jak-na-domaci-pedikuru\/","datePublished":"2019-08-01","dateModified":"2019-08-01","mainEntityOfPage":"https:\/\/www.taliesyn.cz\/jak-na-domaci-pedikuru\/","author":{"@type":"Person","@id":"https:\/\/www.taliesyn.cz\/author\/#Person","name":"","url":"https:\/\/www.taliesyn.cz\/author\/","identifier":1,"image":{"@type":"ImageObject","@id":"https:\/\/secure.gravatar.com\/avatar\/03ef97ef22d1b0d07a8e6c50d88cc1823592c58a091286b466bcec36e31eaab2?s=96&d=mm&r=g","url":"https:\/\/secure.gravatar.com\/avatar\/03ef97ef22d1b0d07a8e6c50d88cc1823592c58a091286b466bcec36e31eaab2?s=96&d=mm&r=g","height":96,"width":96}},"publisher":{"@type":"Organization","name":"taliesyn.cz","logo":{"@type":"ImageObject","@id":"\/logo.png","url":"\/logo.png","width":600,"height":60}},"image":{"@type":"ImageObject","@id":"https:\/\/www.taliesyn.cz\/wp-content\/uploads\/img_a358585_w1690_t1572946441.jpg","url":"https:\/\/www.taliesyn.cz\/wp-content\/uploads\/img_a358585_w1690_t1572946441.jpg","height":0,"width":0},"keywords":null},{"@type":"Article","@id":"https:\/\/www.taliesyn.cz\/deti-a-rozvod\/","headline":"D\u011bti a rozvod","url":"https:\/\/www.taliesyn.cz\/deti-a-rozvod\/","datePublished":"2018-02-21","dateModified":"2023-05-03","mainEntityOfPage":"https:\/\/www.taliesyn.cz\/deti-a-rozvod\/","author":{"@type":"Person","@id":"https:\/\/www.taliesyn.cz\/author\/#Person","name":"","url":"https:\/\/www.taliesyn.cz\/author\/","identifier":1,"image":{"@type":"ImageObject","@id":"https:\/\/secure.gravatar.com\/avatar\/03ef97ef22d1b0d07a8e6c50d88cc1823592c58a091286b466bcec36e31eaab2?s=96&d=mm&r=g","url":"https:\/\/secure.gravatar.com\/avatar\/03ef97ef22d1b0d07a8e6c50d88cc1823592c58a091286b466bcec36e31eaab2?s=96&d=mm&r=g","height":96,"width":96}},"publisher":{"@type":"Organization","name":"taliesyn.cz","logo":{"@type":"ImageObject","@id":"\/logo.png","url":"\/logo.png","width":600,"height":60}},"image":{"@type":"ImageObject","@id":"https:\/\/www.taliesyn.cz\/wp-content\/uploads\/img_a313476_w2499_t1524295950.jpg","url":"https:\/\/www.taliesyn.cz\/wp-content\/uploads\/img_a313476_w2499_t1524295950.jpg","height":0,"width":0},"keywords":null}]}