[{"@context":"https:\/\/schema.org\/","@type":"Blog","@id":"https:\/\/www.taliesyn.cz#Blog","headline":"Taliesyn","description":"\n\u017divot je p\u0159\u00edli\u0161 kr\u00e1tk\u00fd na to, abyste ho str\u00e1vili na n\u011bjak\u00fdch pod\u0159adn\u00fdch webech. A proto v\u00e1m rad\u00edme nav\u0161t\u011bvovat n\u011bjak\u00fd mnohem dokonalej\u0161\u00ed, tedy ten n\u00e1\u0161.","url":"https:\/\/www.taliesyn.cz","hasPart":[{"@type":"Article","@id":"https:\/\/www.taliesyn.cz\/u332\/","headline":"u332","url":"https:\/\/www.taliesyn.cz\/u332\/","datePublished":"2020-01-02","dateModified":"2023-05-03","mainEntityOfPage":"https:\/\/www.taliesyn.cz\/u332\/","author":{"@type":"Person","@id":"https:\/\/www.taliesyn.cz\/author\/#Person","name":"","url":"https:\/\/www.taliesyn.cz\/author\/","identifier":1,"image":{"@type":"ImageObject","@id":"https:\/\/secure.gravatar.com\/avatar\/03ef97ef22d1b0d07a8e6c50d88cc1823592c58a091286b466bcec36e31eaab2?s=96&d=mm&r=g","url":"https:\/\/secure.gravatar.com\/avatar\/03ef97ef22d1b0d07a8e6c50d88cc1823592c58a091286b466bcec36e31eaab2?s=96&d=mm&r=g","height":96,"width":96}},"publisher":{"@type":"Organization","name":"taliesyn.cz","logo":{"@type":"ImageObject","@id":"\/logo.png","url":"\/logo.png","width":600,"height":60}},"image":{"@type":"ImageObject","@id":"https:\/\/www.taliesyn.cz\/wp-content\/uploads\/img_a379109_w4180_t1590482775.jpg","url":"https:\/\/www.taliesyn.cz\/wp-content\/uploads\/img_a379109_w4180_t1590482775.jpg","height":0,"width":0},"wordCount":601,"keywords":null},{"@type":"Article","@id":"https:\/\/www.taliesyn.cz\/holka-kluk-anebo-to\/","headline":"Holka, kluk anebo TO","url":"https:\/\/www.taliesyn.cz\/holka-kluk-anebo-to\/","datePublished":"2019-12-20","dateModified":"2023-05-03","mainEntityOfPage":"https:\/\/www.taliesyn.cz\/holka-kluk-anebo-to\/","author":{"@type":"Person","@id":"https:\/\/www.taliesyn.cz\/author\/#Person","name":"","url":"https:\/\/www.taliesyn.cz\/author\/","identifier":1,"image":{"@type":"ImageObject","@id":"https:\/\/secure.gravatar.com\/avatar\/03ef97ef22d1b0d07a8e6c50d88cc1823592c58a091286b466bcec36e31eaab2?s=96&d=mm&r=g","url":"https:\/\/secure.gravatar.com\/avatar\/03ef97ef22d1b0d07a8e6c50d88cc1823592c58a091286b466bcec36e31eaab2?s=96&d=mm&r=g","height":96,"width":96}},"publisher":{"@type":"Organization","name":"taliesyn.cz","logo":{"@type":"ImageObject","@id":"\/logo.png","url":"\/logo.png","width":600,"height":60}},"image":{"@type":"ImageObject","@id":"https:\/\/www.taliesyn.cz\/wp-content\/uploads\/img_a362805_w4180_t1575797174.jpg","url":"https:\/\/www.taliesyn.cz\/wp-content\/uploads\/img_a362805_w4180_t1575797174.jpg","height":0,"width":0},"wordCount":561,"keywords":null},{"@type":"Article","@id":"https:\/\/www.taliesyn.cz\/skryte-nebezpeci-vzacnych-chorob\/","headline":"Skryt\u00e9 nebezpe\u010d\u00ed vz\u00e1cn\u00fdch chorob","url":"https:\/\/www.taliesyn.cz\/skryte-nebezpeci-vzacnych-chorob\/","datePublished":"2019-12-15","dateModified":"2023-05-03","mainEntityOfPage":"https:\/\/www.taliesyn.cz\/skryte-nebezpeci-vzacnych-chorob\/","author":{"@type":"Person","@id":"https:\/\/www.taliesyn.cz\/author\/#Person","name":"","url":"https:\/\/www.taliesyn.cz\/author\/","identifier":1,"image":{"@type":"ImageObject","@id":"https:\/\/secure.gravatar.com\/avatar\/03ef97ef22d1b0d07a8e6c50d88cc1823592c58a091286b466bcec36e31eaab2?s=96&d=mm&r=g","url":"https:\/\/secure.gravatar.com\/avatar\/03ef97ef22d1b0d07a8e6c50d88cc1823592c58a091286b466bcec36e31eaab2?s=96&d=mm&r=g","height":96,"width":96}},"publisher":{"@type":"Organization","name":"taliesyn.cz","logo":{"@type":"ImageObject","@id":"\/logo.png","url":"\/logo.png","width":600,"height":60}},"image":{"@type":"ImageObject","@id":"https:\/\/www.taliesyn.cz\/wp-content\/uploads\/img_a362739_w4201_t1575750056.jpg","url":"https:\/\/www.taliesyn.cz\/wp-content\/uploads\/img_a362739_w4201_t1575750056.jpg","height":0,"width":0},"wordCount":522,"keywords":null},{"@type":"Article","@id":"https:\/\/www.taliesyn.cz\/beh-na-podzim-a-v-zime\/","headline":"B\u011bh na podzim a v zim\u011b","url":"https:\/\/www.taliesyn.cz\/beh-na-podzim-a-v-zime\/","datePublished":"2019-12-14","dateModified":"2023-05-03","mainEntityOfPage":"https:\/\/www.taliesyn.cz\/beh-na-podzim-a-v-zime\/","author":{"@type":"Person","@id":"https:\/\/www.taliesyn.cz\/author\/#Person","name":"","url":"https:\/\/www.taliesyn.cz\/author\/","identifier":1,"image":{"@type":"ImageObject","@id":"https:\/\/secure.gravatar.com\/avatar\/03ef97ef22d1b0d07a8e6c50d88cc1823592c58a091286b466bcec36e31eaab2?s=96&d=mm&r=g","url":"https:\/\/secure.gravatar.com\/avatar\/03ef97ef22d1b0d07a8e6c50d88cc1823592c58a091286b466bcec36e31eaab2?s=96&d=mm&r=g","height":96,"width":96}},"publisher":{"@type":"Organization","name":"taliesyn.cz","logo":{"@type":"ImageObject","@id":"\/logo.png","url":"\/logo.png","width":600,"height":60}},"image":{"@type":"ImageObject","@id":"https:\/\/www.taliesyn.cz\/wp-content\/uploads\/img_a362823_w3781_t1575800032.jpg","url":"https:\/\/www.taliesyn.cz\/wp-content\/uploads\/img_a362823_w3781_t1575800032.jpg","height":0,"width":0},"wordCount":526,"keywords":null},{"@type":"Article","@id":"https:\/\/www.taliesyn.cz\/nejlepsi-vune-pro-zeny\/","headline":"Nejlep\u0161\u00ed v\u016fn\u011b pro \u017eeny","url":"https:\/\/www.taliesyn.cz\/nejlepsi-vune-pro-zeny\/","datePublished":"2019-12-06","dateModified":"2023-05-03","mainEntityOfPage":"https:\/\/www.taliesyn.cz\/nejlepsi-vune-pro-zeny\/","author":{"@type":"Person","@id":"https:\/\/www.taliesyn.cz\/author\/#Person","name":"","url":"https:\/\/www.taliesyn.cz\/author\/","identifier":1,"image":{"@type":"ImageObject","@id":"https:\/\/secure.gravatar.com\/avatar\/03ef97ef22d1b0d07a8e6c50d88cc1823592c58a091286b466bcec36e31eaab2?s=96&d=mm&r=g","url":"https:\/\/secure.gravatar.com\/avatar\/03ef97ef22d1b0d07a8e6c50d88cc1823592c58a091286b466bcec36e31eaab2?s=96&d=mm&r=g","height":96,"width":96}},"publisher":{"@type":"Organization","name":"taliesyn.cz","logo":{"@type":"ImageObject","@id":"\/logo.png","url":"\/logo.png","width":600,"height":60}},"image":{"@type":"ImageObject","@id":"https:\/\/www.taliesyn.cz\/wp-content\/uploads\/img_a365924_w4180_t1578563619.jpg","url":"https:\/\/www.taliesyn.cz\/wp-content\/uploads\/img_a365924_w4180_t1578563619.jpg","height":0,"width":0},"wordCount":524,"keywords":null},{"@type":"Article","@id":"https:\/\/www.taliesyn.cz\/cihla-beton-nebo-drevo\/","headline":"Cihla, beton nebo d\u0159evo?","url":"https:\/\/www.taliesyn.cz\/cihla-beton-nebo-drevo\/","datePublished":"2019-12-01","dateModified":"2023-05-03","mainEntityOfPage":"https:\/\/www.taliesyn.cz\/cihla-beton-nebo-drevo\/","author":{"@type":"Person","@id":"https:\/\/www.taliesyn.cz\/author\/#Person","name":"","url":"https:\/\/www.taliesyn.cz\/author\/","identifier":1,"image":{"@type":"ImageObject","@id":"https:\/\/secure.gravatar.com\/avatar\/03ef97ef22d1b0d07a8e6c50d88cc1823592c58a091286b466bcec36e31eaab2?s=96&d=mm&r=g","url":"https:\/\/secure.gravatar.com\/avatar\/03ef97ef22d1b0d07a8e6c50d88cc1823592c58a091286b466bcec36e31eaab2?s=96&d=mm&r=g","height":96,"width":96}},"publisher":{"@type":"Organization","name":"taliesyn.cz","logo":{"@type":"ImageObject","@id":"\/logo.png","url":"\/logo.png","width":600,"height":60}},"image":{"@type":"ImageObject","@id":"https:\/\/www.taliesyn.cz\/wp-content\/uploads\/img_a363853_w4180_t1576571493.jpg","url":"https:\/\/www.taliesyn.cz\/wp-content\/uploads\/img_a363853_w4180_t1576571493.jpg","height":0,"width":0},"wordCount":4471,"keywords":null},{"@type":"Article","@id":"https:\/\/www.taliesyn.cz\/menstruacni-kalisek\/","headline":"Menstrua\u010dn\u00ed kal\u00ed\u0161ek","url":"https:\/\/www.taliesyn.cz\/menstruacni-kalisek\/","datePublished":"2019-11-27","dateModified":"2023-05-03","mainEntityOfPage":"https:\/\/www.taliesyn.cz\/menstruacni-kalisek\/","author":{"@type":"Person","@id":"https:\/\/www.taliesyn.cz\/author\/#Person","name":"","url":"https:\/\/www.taliesyn.cz\/author\/","identifier":1,"image":{"@type":"ImageObject","@id":"https:\/\/secure.gravatar.com\/avatar\/03ef97ef22d1b0d07a8e6c50d88cc1823592c58a091286b466bcec36e31eaab2?s=96&d=mm&r=g","url":"https:\/\/secure.gravatar.com\/avatar\/03ef97ef22d1b0d07a8e6c50d88cc1823592c58a091286b466bcec36e31eaab2?s=96&d=mm&r=g","height":96,"width":96}},"publisher":{"@type":"Organization","name":"taliesyn.cz","logo":{"@type":"ImageObject","@id":"\/logo.png","url":"\/logo.png","width":600,"height":60}},"image":{"@type":"ImageObject","@id":"https:\/\/www.taliesyn.cz\/wp-content\/uploads\/img_a362097_w4295_t1575099486.jpg","url":"https:\/\/www.taliesyn.cz\/wp-content\/uploads\/img_a362097_w4295_t1575099486.jpg","height":0,"width":0},"wordCount":4595,"keywords":null},{"@type":"Article","@id":"https:\/\/www.taliesyn.cz\/web-neni-jen-vzhled\/","headline":"Web nen\u00ed jen vzhled","url":"https:\/\/www.taliesyn.cz\/web-neni-jen-vzhled\/","datePublished":"2019-11-18","dateModified":"2023-05-03","mainEntityOfPage":"https:\/\/www.taliesyn.cz\/web-neni-jen-vzhled\/","author":{"@type":"Person","@id":"https:\/\/www.taliesyn.cz\/author\/#Person","name":"","url":"https:\/\/www.taliesyn.cz\/author\/","identifier":1,"image":{"@type":"ImageObject","@id":"https:\/\/secure.gravatar.com\/avatar\/03ef97ef22d1b0d07a8e6c50d88cc1823592c58a091286b466bcec36e31eaab2?s=96&d=mm&r=g","url":"https:\/\/secure.gravatar.com\/avatar\/03ef97ef22d1b0d07a8e6c50d88cc1823592c58a091286b466bcec36e31eaab2?s=96&d=mm&r=g","height":96,"width":96}},"publisher":{"@type":"Organization","name":"taliesyn.cz","logo":{"@type":"ImageObject","@id":"\/logo.png","url":"\/logo.png","width":600,"height":60}},"image":{"@type":"ImageObject","@id":"https:\/\/www.taliesyn.cz\/wp-content\/uploads\/img_a377343_w4180_t1589184579.jpg","url":"https:\/\/www.taliesyn.cz\/wp-content\/uploads\/img_a377343_w4180_t1589184579.jpg","height":0,"width":0},"wordCount":611,"keywords":null},{"@type":"Article","@id":"https:\/\/www.taliesyn.cz\/modernim-jidelnim-setum-podlehnete\/","headline":"Modern\u00edm j\u00eddeln\u00edm set\u016fm podlehnete","url":"https:\/\/www.taliesyn.cz\/modernim-jidelnim-setum-podlehnete\/","datePublished":"2019-11-12","dateModified":"2023-05-03","mainEntityOfPage":"https:\/\/www.taliesyn.cz\/modernim-jidelnim-setum-podlehnete\/","author":{"@type":"Person","@id":"https:\/\/www.taliesyn.cz\/author\/#Person","name":"","url":"https:\/\/www.taliesyn.cz\/author\/","identifier":1,"image":{"@type":"ImageObject","@id":"https:\/\/secure.gravatar.com\/avatar\/03ef97ef22d1b0d07a8e6c50d88cc1823592c58a091286b466bcec36e31eaab2?s=96&d=mm&r=g","url":"https:\/\/secure.gravatar.com\/avatar\/03ef97ef22d1b0d07a8e6c50d88cc1823592c58a091286b466bcec36e31eaab2?s=96&d=mm&r=g","height":96,"width":96}},"publisher":{"@type":"Organization","name":"taliesyn.cz","logo":{"@type":"ImageObject","@id":"\/logo.png","url":"\/logo.png","width":600,"height":60}},"image":{"@type":"ImageObject","@id":"https:\/\/www.taliesyn.cz\/wp-content\/uploads\/img_a371320_w2219_t1582790069.jpg","url":"https:\/\/www.taliesyn.cz\/wp-content\/uploads\/img_a371320_w2219_t1582790069.jpg","height":0,"width":0},"wordCount":529,"keywords":null},{"@type":"Article","@id":"https:\/\/www.taliesyn.cz\/kde-prijit-k-pujcce\/","headline":"Kde p\u0159ij\u00edt k p\u016fj\u010dce?","url":"https:\/\/www.taliesyn.cz\/kde-prijit-k-pujcce\/","datePublished":"2019-09-17","dateModified":"2023-05-03","mainEntityOfPage":"https:\/\/www.taliesyn.cz\/kde-prijit-k-pujcce\/","author":{"@type":"Person","@id":"https:\/\/www.taliesyn.cz\/author\/#Person","name":"","url":"https:\/\/www.taliesyn.cz\/author\/","identifier":1,"image":{"@type":"ImageObject","@id":"https:\/\/secure.gravatar.com\/avatar\/03ef97ef22d1b0d07a8e6c50d88cc1823592c58a091286b466bcec36e31eaab2?s=96&d=mm&r=g","url":"https:\/\/secure.gravatar.com\/avatar\/03ef97ef22d1b0d07a8e6c50d88cc1823592c58a091286b466bcec36e31eaab2?s=96&d=mm&r=g","height":96,"width":96}},"publisher":{"@type":"Organization","name":"taliesyn.cz","logo":{"@type":"ImageObject","@id":"\/logo.png","url":"\/logo.png","width":600,"height":60}},"image":{"@type":"ImageObject","@id":"https:\/\/www.taliesyn.cz\/wp-content\/uploads\/img_a352443_w1741_t1566985339.jpg","url":"https:\/\/www.taliesyn.cz\/wp-content\/uploads\/img_a352443_w1741_t1566985339.jpg","height":0,"width":0},"wordCount":554,"keywords":null}]},{"@context":"https:\/\/schema.org","@type":"WebSite","@id":"https:\/\/www.taliesyn.cz\/#website","name":"Taliesyn","url":"https:\/\/www.taliesyn.cz","potentialAction":{"@type":"SearchAction","target":"https:\/\/www.taliesyn.cz\/?s={search_term_string}","query-input":"required name=search_term_string"}}]