{"@context":"https:\/\/schema.org\/","@type":"CollectionPage","@id":"https:\/\/www.taliesyn.cz\/dum\/#CollectionPage","headline":"D\u016fm Category","description":"","url":"https:\/\/www.taliesyn.cz\/dum\/","hasPart":[{"@type":"Article","@id":"https:\/\/www.taliesyn.cz\/co-delat-s-domem-po-rodicich\/","headline":"Co d\u011blat s domem po rodi\u010d\u00edch?","url":"https:\/\/www.taliesyn.cz\/co-delat-s-domem-po-rodicich\/","datePublished":"2022-01-13","dateModified":"2023-05-03","mainEntityOfPage":"https:\/\/www.taliesyn.cz\/co-delat-s-domem-po-rodicich\/","author":{"@type":"Person","@id":"https:\/\/www.taliesyn.cz\/author\/#Person","name":"","url":"https:\/\/www.taliesyn.cz\/author\/","identifier":1,"image":{"@type":"ImageObject","@id":"https:\/\/secure.gravatar.com\/avatar\/03ef97ef22d1b0d07a8e6c50d88cc1823592c58a091286b466bcec36e31eaab2?s=96&d=mm&r=g","url":"https:\/\/secure.gravatar.com\/avatar\/03ef97ef22d1b0d07a8e6c50d88cc1823592c58a091286b466bcec36e31eaab2?s=96&d=mm&r=g","height":96,"width":96}},"publisher":{"@type":"Organization","name":"taliesyn.cz","logo":{"@type":"ImageObject","@id":"\/logo.png","url":"\/logo.png","width":600,"height":60}},"image":{"@type":"ImageObject","@id":"https:\/\/www.taliesyn.cz\/wp-content\/uploads\/star%C3%BD%20d%C5%AFm_3.JPG","url":"https:\/\/www.taliesyn.cz\/wp-content\/uploads\/star%C3%BD%20d%C5%AFm_3.JPG","height":0,"width":0},"keywords":null},{"@type":"Article","@id":"https:\/\/www.taliesyn.cz\/kdyz-dum-tak-jedine-se-zahradou\/","headline":"Kdy\u017e d\u016fm, tak jedin\u011b se zahradou","url":"https:\/\/www.taliesyn.cz\/kdyz-dum-tak-jedine-se-zahradou\/","datePublished":"2021-12-25","dateModified":"2023-05-03","mainEntityOfPage":"https:\/\/www.taliesyn.cz\/kdyz-dum-tak-jedine-se-zahradou\/","author":{"@type":"Person","@id":"https:\/\/www.taliesyn.cz\/author\/#Person","name":"","url":"https:\/\/www.taliesyn.cz\/author\/","identifier":1,"image":{"@type":"ImageObject","@id":"https:\/\/secure.gravatar.com\/avatar\/03ef97ef22d1b0d07a8e6c50d88cc1823592c58a091286b466bcec36e31eaab2?s=96&d=mm&r=g","url":"https:\/\/secure.gravatar.com\/avatar\/03ef97ef22d1b0d07a8e6c50d88cc1823592c58a091286b466bcec36e31eaab2?s=96&d=mm&r=g","height":96,"width":96}},"publisher":{"@type":"Organization","name":"taliesyn.cz","logo":{"@type":"ImageObject","@id":"\/logo.png","url":"\/logo.png","width":600,"height":60}},"image":{"@type":"ImageObject","@id":"https:\/\/www.taliesyn.cz\/wp-content\/uploads\/d%C5%AFm%20a%20sn%C4%9B%C5%BEenky_2.JPG","url":"https:\/\/www.taliesyn.cz\/wp-content\/uploads\/d%C5%AFm%20a%20sn%C4%9B%C5%BEenky_2.JPG","height":0,"width":0},"keywords":null},{"@type":"Article","@id":"https:\/\/www.taliesyn.cz\/dum-na-miru\/","headline":"D\u016fm na m\u00edru","url":"https:\/\/www.taliesyn.cz\/dum-na-miru\/","datePublished":"2021-11-30","dateModified":"2023-05-03","mainEntityOfPage":"https:\/\/www.taliesyn.cz\/dum-na-miru\/","author":{"@type":"Person","@id":"https:\/\/www.taliesyn.cz\/author\/#Person","name":"","url":"https:\/\/www.taliesyn.cz\/author\/","identifier":1,"image":{"@type":"ImageObject","@id":"https:\/\/secure.gravatar.com\/avatar\/03ef97ef22d1b0d07a8e6c50d88cc1823592c58a091286b466bcec36e31eaab2?s=96&d=mm&r=g","url":"https:\/\/secure.gravatar.com\/avatar\/03ef97ef22d1b0d07a8e6c50d88cc1823592c58a091286b466bcec36e31eaab2?s=96&d=mm&r=g","height":96,"width":96}},"publisher":{"@type":"Organization","name":"taliesyn.cz","logo":{"@type":"ImageObject","@id":"\/logo.png","url":"\/logo.png","width":600,"height":60}},"image":{"@type":"ImageObject","@id":"https:\/\/www.taliesyn.cz\/wp-content\/uploads\/velk%C3%BD%20nepo%C5%99%C3%A1dek.jpg","url":"https:\/\/www.taliesyn.cz\/wp-content\/uploads\/velk%C3%BD%20nepo%C5%99%C3%A1dek.jpg","height":0,"width":0},"keywords":null},{"@type":"Article","@id":"https:\/\/www.taliesyn.cz\/prvni-bydleni\/","headline":"Prvn\u00ed bydlen\u00ed","url":"https:\/\/www.taliesyn.cz\/prvni-bydleni\/","datePublished":"2021-11-17","dateModified":"2023-05-03","mainEntityOfPage":"https:\/\/www.taliesyn.cz\/prvni-bydleni\/","author":{"@type":"Person","@id":"https:\/\/www.taliesyn.cz\/author\/#Person","name":"","url":"https:\/\/www.taliesyn.cz\/author\/","identifier":1,"image":{"@type":"ImageObject","@id":"https:\/\/secure.gravatar.com\/avatar\/03ef97ef22d1b0d07a8e6c50d88cc1823592c58a091286b466bcec36e31eaab2?s=96&d=mm&r=g","url":"https:\/\/secure.gravatar.com\/avatar\/03ef97ef22d1b0d07a8e6c50d88cc1823592c58a091286b466bcec36e31eaab2?s=96&d=mm&r=g","height":96,"width":96}},"publisher":{"@type":"Organization","name":"taliesyn.cz","logo":{"@type":"ImageObject","@id":"\/logo.png","url":"\/logo.png","width":600,"height":60}},"image":{"@type":"ImageObject","@id":"https:\/\/www.taliesyn.cz\/wp-content\/uploads\/uzav%C5%99en%C3%AD%20smlouvy%20-%20kopie_2.jpg","url":"https:\/\/www.taliesyn.cz\/wp-content\/uploads\/uzav%C5%99en%C3%AD%20smlouvy%20-%20kopie_2.jpg","height":0,"width":0},"keywords":null},{"@type":"Article","@id":"https:\/\/www.taliesyn.cz\/cihla-beton-nebo-drevo\/","headline":"Cihla, beton nebo d\u0159evo?","url":"https:\/\/www.taliesyn.cz\/cihla-beton-nebo-drevo\/","datePublished":"2019-12-01","dateModified":"2023-05-03","mainEntityOfPage":"https:\/\/www.taliesyn.cz\/cihla-beton-nebo-drevo\/","author":{"@type":"Person","@id":"https:\/\/www.taliesyn.cz\/author\/#Person","name":"","url":"https:\/\/www.taliesyn.cz\/author\/","identifier":1,"image":{"@type":"ImageObject","@id":"https:\/\/secure.gravatar.com\/avatar\/03ef97ef22d1b0d07a8e6c50d88cc1823592c58a091286b466bcec36e31eaab2?s=96&d=mm&r=g","url":"https:\/\/secure.gravatar.com\/avatar\/03ef97ef22d1b0d07a8e6c50d88cc1823592c58a091286b466bcec36e31eaab2?s=96&d=mm&r=g","height":96,"width":96}},"publisher":{"@type":"Organization","name":"taliesyn.cz","logo":{"@type":"ImageObject","@id":"\/logo.png","url":"\/logo.png","width":600,"height":60}},"image":{"@type":"ImageObject","@id":"https:\/\/www.taliesyn.cz\/wp-content\/uploads\/img_a363853_w4180_t1576571493.jpg","url":"https:\/\/www.taliesyn.cz\/wp-content\/uploads\/img_a363853_w4180_t1576571493.jpg","height":0,"width":0},"keywords":null},{"@type":"Article","@id":"https:\/\/www.taliesyn.cz\/stehovani-za-lepsim\/","headline":"St\u011bhov\u00e1n\u00ed za lep\u0161\u00edm","url":"https:\/\/www.taliesyn.cz\/stehovani-za-lepsim\/","datePublished":"2018-12-26","dateModified":"2023-05-03","mainEntityOfPage":"https:\/\/www.taliesyn.cz\/stehovani-za-lepsim\/","author":{"@type":"Person","@id":"https:\/\/www.taliesyn.cz\/author\/#Person","name":"","url":"https:\/\/www.taliesyn.cz\/author\/","identifier":1,"image":{"@type":"ImageObject","@id":"https:\/\/secure.gravatar.com\/avatar\/03ef97ef22d1b0d07a8e6c50d88cc1823592c58a091286b466bcec36e31eaab2?s=96&d=mm&r=g","url":"https:\/\/secure.gravatar.com\/avatar\/03ef97ef22d1b0d07a8e6c50d88cc1823592c58a091286b466bcec36e31eaab2?s=96&d=mm&r=g","height":96,"width":96}},"publisher":{"@type":"Organization","name":"taliesyn.cz","logo":{"@type":"ImageObject","@id":"\/logo.png","url":"\/logo.png","width":600,"height":60}},"image":{"@type":"ImageObject","@id":"https:\/\/www.taliesyn.cz\/wp-content\/uploads\/img_a338504_w2368_t1551191878.jpg","url":"https:\/\/www.taliesyn.cz\/wp-content\/uploads\/img_a338504_w2368_t1551191878.jpg","height":0,"width":0},"keywords":null}]}